{"id":194,"date":"2017-10-10T02:31:49","date_gmt":"2017-10-10T02:31:49","guid":{"rendered":"http:\/\/cubausrelations.com\/Blog\/?p=194"},"modified":"2018-06-28T13:41:48","modified_gmt":"2018-06-28T13:41:48","slug":"migueldiazcanel-montreal","status":"publish","type":"post","link":"https:\/\/cubausrelations.com\/Blog\/migueldiazcanel-montreal\/","title":{"rendered":"CUBA-\u00c9U &#8220;On ne peut pas faire confiance \u00e0 l&#8217;imp\u00e9rialisme, ne serait-ce qu&#8217;un petit peu.&#8221;"},"content":{"rendered":"<p>Nouveau!<\/p>\n<p>Le 8 octobre pendant la c\u00e9r\u00e9monie du 50e anniversaire de la chute en combat du Che, Miguel D\u00edaz-Canel, premier vice-pr\u00e9sident du Conseil d&#8217;\u00c9tat et du Conseil des ministres a prononc\u00e9 le discours central. <strong><em>(IMPORTANT! Presqu\u2019\u00e0 100% s\u00fbr qu\u2019il sera le prochaine Pr\u00e9sident, F\u00e9vrier 2018)<\/em><\/strong><\/p>\n<p><img loading=\"lazy\" decoding=\"async\" class=\"size-medium wp-image-189 aligncenter\" src=\"http:\/\/cubausrelations.com\/Blog\/wp-content\/uploads\/2017\/10\/MDC124-200x300.jpg\" alt=\"\" width=\"200\" height=\"300\" srcset=\"https:\/\/cubausrelations.com\/Blog\/wp-content\/uploads\/2017\/10\/MDC124-200x300.jpg 200w, https:\/\/cubausrelations.com\/Blog\/wp-content\/uploads\/2017\/10\/MDC124-300x451.jpg 300w, https:\/\/cubausrelations.com\/Blog\/wp-content\/uploads\/2017\/10\/MDC124.jpg 580w\" sizes=\"auto, (max-width: 200px) 100vw, 200px\" \/><\/p>\n<p>Photo\u00a0: Juvenal Bal\u00e1n<\/p>\n<p>Fid\u00e8les \u00e0 son h\u00e9ritage et \u00e0 Fidel, nous r\u00e9affirmons que Cuba ne fera aucune concession concernant sa souverainet\u00e9 et son ind\u00e9pendance et ne n\u00e9gociera pas ses principes et n&#8217;acceptera pas non plus de conditions, car c&#8217;est le peuple cubain qui d\u00e9cide des changements, a-t-il d\u00e9clar\u00e9.<\/p>\n<p>Pour souligner sa pens\u00e9e, Miguel D\u00edaz-Canel a cit\u00e9\u00a0Che\u00a0:<\/p>\n<blockquote><p><strong>&#8220;On ne peut pas faire confiance \u00e0 l&#8217;imp\u00e9rialisme, <\/strong><strong>ne serait-ce qu&#8217;un petit peu&#8221;.<\/strong><\/p><\/blockquote>\n<p>Cette citation a d\u00e9j\u00e0 fait le tour du monde. Les m\u00e9dias internationaux et les dissidents ne l\u2019ont pas pris.<\/p>\n<p>Il y\u2019auras sans doute de la discussion sur ce point ce mercredi 11 octobre. \u00a0Moi je suis pr\u00eat, et nous avons l\u2019honneur d\u2019avoir avec nous Mara Bilbao Di\u00e1z, Consul G\u00e9n\u00e9ral de la R\u00e9publique de Cuba \u00e0 Montr\u00e9al pour r\u00e9pondre aux questions.<\/p>\n<p>Toutes les informations pour le lancement le 11 octobre:<\/p>\n<p><a href=\"https:\/\/www.facebook.com\/events\/157775124776584\/\">https:\/\/www.facebook.com\/events\/157775124776584\/<\/a><\/p>\n","protected":false},"excerpt":{"rendered":"<p>Nouveau! Le 8 octobre pendant la c\u00e9r\u00e9monie du 50e anniversaire de la chute en combat du Che, Miguel D\u00edaz-Canel, premier vice-pr\u00e9sident du Conseil d&#8217;\u00c9tat et du Conseil des ministres a <a class=\"more-link\" href=\"https:\/\/cubausrelations.com\/Blog\/migueldiazcanel-montreal\/\">Continue Reading &rarr;<\/a><\/p>\n","protected":false},"author":2,"featured_media":0,"comment_status":"closed","ping_status":"closed","sticky":false,"template":"","format":"standard","meta":{"footnotes":""},"categories":[10,24,20],"tags":[],"class_list":["post-194","post","type-post","status-publish","format-standard","hentry","category-cubausrelations","category-miguel-diaz-canel","category-uscubarelationsexpert"],"yoast_head":"<!-- This site is optimized with the Yoast SEO plugin v27.3 - https:\/\/yoast.com\/product\/yoast-seo-wordpress\/ -->\n<title>CUBA-\u00c9U &quot;On ne peut pas faire confiance \u00e0 l&#039;imp\u00e9rialisme, ne serait-ce qu&#039;un petit peu.&quot; -<\/title>\n<meta name=\"robots\" content=\"index, follow, max-snippet:-1, max-image-preview:large, max-video-preview:-1\" \/>\n<link rel=\"canonical\" href=\"https:\/\/cubausrelations.com\/Blog\/migueldiazcanel-montreal\/\" \/>\n<meta property=\"og:locale\" content=\"en_US\" \/>\n<meta property=\"og:type\" content=\"article\" \/>\n<meta property=\"og:title\" content=\"CUBA-\u00c9U &quot;On ne peut pas faire confiance \u00e0 l&#039;imp\u00e9rialisme, ne serait-ce qu&#039;un petit peu.&quot; -\" \/>\n<meta property=\"og:description\" content=\"Nouveau! Le 8 octobre pendant la c\u00e9r\u00e9monie du 50e anniversaire de la chute en combat du Che, Miguel D\u00edaz-Canel, premier vice-pr\u00e9sident du Conseil d&#8217;\u00c9tat et du Conseil des ministres a Continue Reading &rarr;\" \/>\n<meta property=\"og:url\" content=\"https:\/\/cubausrelations.com\/Blog\/migueldiazcanel-montreal\/\" \/>\n<meta property=\"article:published_time\" content=\"2017-10-10T02:31:49+00:00\" \/>\n<meta property=\"article:modified_time\" content=\"2018-06-28T13:41:48+00:00\" \/>\n<meta property=\"og:image\" content=\"http:\/\/cubausrelations.com\/Blog\/wp-content\/uploads\/2017\/10\/MDC124-200x300.jpg\" \/>\n<meta name=\"author\" content=\"Arnold August\" \/>\n<meta name=\"twitter:card\" content=\"summary_large_image\" \/>\n<meta name=\"twitter:label1\" content=\"Written by\" \/>\n\t<meta name=\"twitter:data1\" content=\"Arnold August\" \/>\n\t<meta name=\"twitter:label2\" content=\"Est. reading time\" \/>\n\t<meta name=\"twitter:data2\" content=\"1 minute\" \/>\n<script type=\"application\/ld+json\" class=\"yoast-schema-graph\">{\"@context\":\"https:\\\/\\\/schema.org\",\"@graph\":[{\"@type\":\"Article\",\"@id\":\"https:\\\/\\\/cubausrelations.com\\\/Blog\\\/migueldiazcanel-montreal\\\/#article\",\"isPartOf\":{\"@id\":\"https:\\\/\\\/cubausrelations.com\\\/Blog\\\/migueldiazcanel-montreal\\\/\"},\"author\":{\"name\":\"Arnold August\",\"@id\":\"https:\\\/\\\/cubausrelations.com\\\/Blog\\\/#\\\/schema\\\/person\\\/abcedeb68b9ee26f04d3b5c9c5fde504\"},\"headline\":\"CUBA-\u00c9U &#8220;On ne peut pas faire confiance \u00e0 l&#8217;imp\u00e9rialisme, ne serait-ce qu&#8217;un petit peu.&#8221;\",\"datePublished\":\"2017-10-10T02:31:49+00:00\",\"dateModified\":\"2018-06-28T13:41:48+00:00\",\"mainEntityOfPage\":{\"@id\":\"https:\\\/\\\/cubausrelations.com\\\/Blog\\\/migueldiazcanel-montreal\\\/\"},\"wordCount\":234,\"image\":{\"@id\":\"https:\\\/\\\/cubausrelations.com\\\/Blog\\\/migueldiazcanel-montreal\\\/#primaryimage\"},\"thumbnailUrl\":\"http:\\\/\\\/cubausrelations.com\\\/Blog\\\/wp-content\\\/uploads\\\/2017\\\/10\\\/MDC124-200x300.jpg\",\"articleSection\":[\"CubaUSRelations\",\"Miguel D\u00edaz-Canel\",\"USCubaRelationsExpert\"],\"inLanguage\":\"en-US\"},{\"@type\":\"WebPage\",\"@id\":\"https:\\\/\\\/cubausrelations.com\\\/Blog\\\/migueldiazcanel-montreal\\\/\",\"url\":\"https:\\\/\\\/cubausrelations.com\\\/Blog\\\/migueldiazcanel-montreal\\\/\",\"name\":\"CUBA-\u00c9U \\\"On ne peut pas faire confiance \u00e0 l'imp\u00e9rialisme, ne serait-ce qu'un petit peu.\\\" -\",\"isPartOf\":{\"@id\":\"https:\\\/\\\/cubausrelations.com\\\/Blog\\\/#website\"},\"primaryImageOfPage\":{\"@id\":\"https:\\\/\\\/cubausrelations.com\\\/Blog\\\/migueldiazcanel-montreal\\\/#primaryimage\"},\"image\":{\"@id\":\"https:\\\/\\\/cubausrelations.com\\\/Blog\\\/migueldiazcanel-montreal\\\/#primaryimage\"},\"thumbnailUrl\":\"http:\\\/\\\/cubausrelations.com\\\/Blog\\\/wp-content\\\/uploads\\\/2017\\\/10\\\/MDC124-200x300.jpg\",\"datePublished\":\"2017-10-10T02:31:49+00:00\",\"dateModified\":\"2018-06-28T13:41:48+00:00\",\"author\":{\"@id\":\"https:\\\/\\\/cubausrelations.com\\\/Blog\\\/#\\\/schema\\\/person\\\/abcedeb68b9ee26f04d3b5c9c5fde504\"},\"breadcrumb\":{\"@id\":\"https:\\\/\\\/cubausrelations.com\\\/Blog\\\/migueldiazcanel-montreal\\\/#breadcrumb\"},\"inLanguage\":\"en-US\",\"potentialAction\":[{\"@type\":\"ReadAction\",\"target\":[\"https:\\\/\\\/cubausrelations.com\\\/Blog\\\/migueldiazcanel-montreal\\\/\"]}]},{\"@type\":\"ImageObject\",\"inLanguage\":\"en-US\",\"@id\":\"https:\\\/\\\/cubausrelations.com\\\/Blog\\\/migueldiazcanel-montreal\\\/#primaryimage\",\"url\":\"http:\\\/\\\/cubausrelations.com\\\/Blog\\\/wp-content\\\/uploads\\\/2017\\\/10\\\/MDC124-200x300.jpg\",\"contentUrl\":\"http:\\\/\\\/cubausrelations.com\\\/Blog\\\/wp-content\\\/uploads\\\/2017\\\/10\\\/MDC124-200x300.jpg\"},{\"@type\":\"BreadcrumbList\",\"@id\":\"https:\\\/\\\/cubausrelations.com\\\/Blog\\\/migueldiazcanel-montreal\\\/#breadcrumb\",\"itemListElement\":[{\"@type\":\"ListItem\",\"position\":1,\"name\":\"Home\",\"item\":\"https:\\\/\\\/cubausrelations.com\\\/Blog\\\/\"},{\"@type\":\"ListItem\",\"position\":2,\"name\":\"CUBA-\u00c9U &#8220;On ne peut pas faire confiance \u00e0 l&#8217;imp\u00e9rialisme, ne serait-ce qu&#8217;un petit peu.&#8221;\"}]},{\"@type\":\"WebSite\",\"@id\":\"https:\\\/\\\/cubausrelations.com\\\/Blog\\\/#website\",\"url\":\"https:\\\/\\\/cubausrelations.com\\\/Blog\\\/\",\"name\":\"\",\"description\":\"\",\"potentialAction\":[{\"@type\":\"SearchAction\",\"target\":{\"@type\":\"EntryPoint\",\"urlTemplate\":\"https:\\\/\\\/cubausrelations.com\\\/Blog\\\/?s={search_term_string}\"},\"query-input\":{\"@type\":\"PropertyValueSpecification\",\"valueRequired\":true,\"valueName\":\"search_term_string\"}}],\"inLanguage\":\"en-US\"},{\"@type\":\"Person\",\"@id\":\"https:\\\/\\\/cubausrelations.com\\\/Blog\\\/#\\\/schema\\\/person\\\/abcedeb68b9ee26f04d3b5c9c5fde504\",\"name\":\"Arnold August\",\"image\":{\"@type\":\"ImageObject\",\"inLanguage\":\"en-US\",\"@id\":\"https:\\\/\\\/secure.gravatar.com\\\/avatar\\\/8f9dae0d8c49d820d586c1b9d079351778393a6a8b29f8bd48bfcafa55e12996?s=96&d=mm&r=g\",\"url\":\"https:\\\/\\\/secure.gravatar.com\\\/avatar\\\/8f9dae0d8c49d820d586c1b9d079351778393a6a8b29f8bd48bfcafa55e12996?s=96&d=mm&r=g\",\"contentUrl\":\"https:\\\/\\\/secure.gravatar.com\\\/avatar\\\/8f9dae0d8c49d820d586c1b9d079351778393a6a8b29f8bd48bfcafa55e12996?s=96&d=mm&r=g\",\"caption\":\"Arnold August\"},\"sameAs\":[\"http:\\\/\\\/cubausrelations.com\\\/\"]}]}<\/script>\n<!-- \/ Yoast SEO plugin. -->","yoast_head_json":{"title":"CUBA-\u00c9U \"On ne peut pas faire confiance \u00e0 l'imp\u00e9rialisme, ne serait-ce qu'un petit peu.\" -","robots":{"index":"index","follow":"follow","max-snippet":"max-snippet:-1","max-image-preview":"max-image-preview:large","max-video-preview":"max-video-preview:-1"},"canonical":"https:\/\/cubausrelations.com\/Blog\/migueldiazcanel-montreal\/","og_locale":"en_US","og_type":"article","og_title":"CUBA-\u00c9U \"On ne peut pas faire confiance \u00e0 l'imp\u00e9rialisme, ne serait-ce qu'un petit peu.\" -","og_description":"Nouveau! Le 8 octobre pendant la c\u00e9r\u00e9monie du 50e anniversaire de la chute en combat du Che, Miguel D\u00edaz-Canel, premier vice-pr\u00e9sident du Conseil d&#8217;\u00c9tat et du Conseil des ministres a Continue Reading &rarr;","og_url":"https:\/\/cubausrelations.com\/Blog\/migueldiazcanel-montreal\/","article_published_time":"2017-10-10T02:31:49+00:00","article_modified_time":"2018-06-28T13:41:48+00:00","og_image":[{"url":"http:\/\/cubausrelations.com\/Blog\/wp-content\/uploads\/2017\/10\/MDC124-200x300.jpg","type":"","width":"","height":""}],"author":"Arnold August","twitter_card":"summary_large_image","twitter_misc":{"Written by":"Arnold August","Est. reading time":"1 minute"},"schema":{"@context":"https:\/\/schema.org","@graph":[{"@type":"Article","@id":"https:\/\/cubausrelations.com\/Blog\/migueldiazcanel-montreal\/#article","isPartOf":{"@id":"https:\/\/cubausrelations.com\/Blog\/migueldiazcanel-montreal\/"},"author":{"name":"Arnold August","@id":"https:\/\/cubausrelations.com\/Blog\/#\/schema\/person\/abcedeb68b9ee26f04d3b5c9c5fde504"},"headline":"CUBA-\u00c9U &#8220;On ne peut pas faire confiance \u00e0 l&#8217;imp\u00e9rialisme, ne serait-ce qu&#8217;un petit peu.&#8221;","datePublished":"2017-10-10T02:31:49+00:00","dateModified":"2018-06-28T13:41:48+00:00","mainEntityOfPage":{"@id":"https:\/\/cubausrelations.com\/Blog\/migueldiazcanel-montreal\/"},"wordCount":234,"image":{"@id":"https:\/\/cubausrelations.com\/Blog\/migueldiazcanel-montreal\/#primaryimage"},"thumbnailUrl":"http:\/\/cubausrelations.com\/Blog\/wp-content\/uploads\/2017\/10\/MDC124-200x300.jpg","articleSection":["CubaUSRelations","Miguel D\u00edaz-Canel","USCubaRelationsExpert"],"inLanguage":"en-US"},{"@type":"WebPage","@id":"https:\/\/cubausrelations.com\/Blog\/migueldiazcanel-montreal\/","url":"https:\/\/cubausrelations.com\/Blog\/migueldiazcanel-montreal\/","name":"CUBA-\u00c9U \"On ne peut pas faire confiance \u00e0 l'imp\u00e9rialisme, ne serait-ce qu'un petit peu.\" -","isPartOf":{"@id":"https:\/\/cubausrelations.com\/Blog\/#website"},"primaryImageOfPage":{"@id":"https:\/\/cubausrelations.com\/Blog\/migueldiazcanel-montreal\/#primaryimage"},"image":{"@id":"https:\/\/cubausrelations.com\/Blog\/migueldiazcanel-montreal\/#primaryimage"},"thumbnailUrl":"http:\/\/cubausrelations.com\/Blog\/wp-content\/uploads\/2017\/10\/MDC124-200x300.jpg","datePublished":"2017-10-10T02:31:49+00:00","dateModified":"2018-06-28T13:41:48+00:00","author":{"@id":"https:\/\/cubausrelations.com\/Blog\/#\/schema\/person\/abcedeb68b9ee26f04d3b5c9c5fde504"},"breadcrumb":{"@id":"https:\/\/cubausrelations.com\/Blog\/migueldiazcanel-montreal\/#breadcrumb"},"inLanguage":"en-US","potentialAction":[{"@type":"ReadAction","target":["https:\/\/cubausrelations.com\/Blog\/migueldiazcanel-montreal\/"]}]},{"@type":"ImageObject","inLanguage":"en-US","@id":"https:\/\/cubausrelations.com\/Blog\/migueldiazcanel-montreal\/#primaryimage","url":"http:\/\/cubausrelations.com\/Blog\/wp-content\/uploads\/2017\/10\/MDC124-200x300.jpg","contentUrl":"http:\/\/cubausrelations.com\/Blog\/wp-content\/uploads\/2017\/10\/MDC124-200x300.jpg"},{"@type":"BreadcrumbList","@id":"https:\/\/cubausrelations.com\/Blog\/migueldiazcanel-montreal\/#breadcrumb","itemListElement":[{"@type":"ListItem","position":1,"name":"Home","item":"https:\/\/cubausrelations.com\/Blog\/"},{"@type":"ListItem","position":2,"name":"CUBA-\u00c9U &#8220;On ne peut pas faire confiance \u00e0 l&#8217;imp\u00e9rialisme, ne serait-ce qu&#8217;un petit peu.&#8221;"}]},{"@type":"WebSite","@id":"https:\/\/cubausrelations.com\/Blog\/#website","url":"https:\/\/cubausrelations.com\/Blog\/","name":"","description":"","potentialAction":[{"@type":"SearchAction","target":{"@type":"EntryPoint","urlTemplate":"https:\/\/cubausrelations.com\/Blog\/?s={search_term_string}"},"query-input":{"@type":"PropertyValueSpecification","valueRequired":true,"valueName":"search_term_string"}}],"inLanguage":"en-US"},{"@type":"Person","@id":"https:\/\/cubausrelations.com\/Blog\/#\/schema\/person\/abcedeb68b9ee26f04d3b5c9c5fde504","name":"Arnold August","image":{"@type":"ImageObject","inLanguage":"en-US","@id":"https:\/\/secure.gravatar.com\/avatar\/8f9dae0d8c49d820d586c1b9d079351778393a6a8b29f8bd48bfcafa55e12996?s=96&d=mm&r=g","url":"https:\/\/secure.gravatar.com\/avatar\/8f9dae0d8c49d820d586c1b9d079351778393a6a8b29f8bd48bfcafa55e12996?s=96&d=mm&r=g","contentUrl":"https:\/\/secure.gravatar.com\/avatar\/8f9dae0d8c49d820d586c1b9d079351778393a6a8b29f8bd48bfcafa55e12996?s=96&d=mm&r=g","caption":"Arnold August"},"sameAs":["http:\/\/cubausrelations.com\/"]}]}},"_links":{"self":[{"href":"https:\/\/cubausrelations.com\/Blog\/wp-json\/wp\/v2\/posts\/194","targetHints":{"allow":["GET"]}}],"collection":[{"href":"https:\/\/cubausrelations.com\/Blog\/wp-json\/wp\/v2\/posts"}],"about":[{"href":"https:\/\/cubausrelations.com\/Blog\/wp-json\/wp\/v2\/types\/post"}],"author":[{"embeddable":true,"href":"https:\/\/cubausrelations.com\/Blog\/wp-json\/wp\/v2\/users\/2"}],"replies":[{"embeddable":true,"href":"https:\/\/cubausrelations.com\/Blog\/wp-json\/wp\/v2\/comments?post=194"}],"version-history":[{"count":5,"href":"https:\/\/cubausrelations.com\/Blog\/wp-json\/wp\/v2\/posts\/194\/revisions"}],"predecessor-version":[{"id":324,"href":"https:\/\/cubausrelations.com\/Blog\/wp-json\/wp\/v2\/posts\/194\/revisions\/324"}],"wp:attachment":[{"href":"https:\/\/cubausrelations.com\/Blog\/wp-json\/wp\/v2\/media?parent=194"}],"wp:term":[{"taxonomy":"category","embeddable":true,"href":"https:\/\/cubausrelations.com\/Blog\/wp-json\/wp\/v2\/categories?post=194"},{"taxonomy":"post_tag","embeddable":true,"href":"https:\/\/cubausrelations.com\/Blog\/wp-json\/wp\/v2\/tags?post=194"}],"curies":[{"name":"wp","href":"https:\/\/api.w.org\/{rel}","templated":true}]}}