{"id":751,"date":"2020-01-13T21:21:10","date_gmt":"2020-01-13T21:21:10","guid":{"rendered":"https:\/\/cubausrelations.com\/Blog\/?p=751"},"modified":"2020-01-13T21:21:10","modified_gmt":"2020-01-13T21:21:10","slug":"2020-y-el-legado-de-chavez-adan-chavez","status":"publish","type":"post","link":"https:\/\/cubausrelations.com\/Blog\/2020-y-el-legado-de-chavez-adan-chavez\/","title":{"rendered":"2020 y el legado de Ch\u00e1vez  AD\u00c1N CH\u00c1VEZ"},"content":{"rendered":"<p>&nbsp;<\/p>\n<p style=\"text-align: left;\" align=\"right\"><span lang=\"ES-VE\">Ad\u00e1n Ch\u00e1vez Fr\u00edas<\/span><\/p>\n<p style=\"text-align: right;\" align=\"right\"><span lang=\"ES-VE\">@Adan_Coromoto<\/span><\/p>\n<p align=\"center\"><span lang=\"ES-VE\">\u00a0<\/span><\/p>\n<p style=\"text-align: justify;\" align=\"center\"><b><span lang=\"ES-VE\">Los desaf\u00edos del 2020 y el legado de Ch\u00e1vez<\/span><\/b><\/p>\n<p><span lang=\"ES-VE\">\u00a0<\/span><\/p>\n<p><span lang=\"ES-VE\">Retomando nuevamente nuestro Sentir Bolivariano, despu\u00e9s de una breve pausa para el compartir en uni\u00f3n familiar, quiero saludar a mis lectoras y lectores, dese\u00e1ndoles un a\u00f1o de bienaventuranzas, paz y armon\u00eda, para continuar enfrentando los grandes retos que seguimos teniendo en este camino de transici\u00f3n hacia el socialismo.<\/span><\/p>\n<p><span lang=\"ES-VE\">\u00a0<\/span><\/p>\n<p><span lang=\"ES-VE\">Estamos iniciando un nuevo a\u00f1o, de enorme trascendencia para el futuro del proceso continental de liberaci\u00f3n nacional, la v\u00eda que nuestros Pueblos eligieron para ir socavando la estructura y la l\u00f3gica del neoliberalismo salvaje, y seguir construyendo las bases para edificar Estados democr\u00e1ticos y populares. No debemos perder, bajo ninguna circunstancia, por m\u00e1s complejos que se presenten los escenarios en la coyuntura econ\u00f3mica, la perspectiva revolucionaria: s\u00f3lo avanzando hacia el socialismo los Pueblos del mundo tendr\u00e1n esperanza. Como lo dijo el Comandante Ch\u00e1vez, en la clausura de la IV Cumbre de Petrocaribe en el 2007: \u201cel socialismo es el \u00fanico camino hacia la justicia, hacia la igualdad, hacia la libertad. No hay otro camino que el socialismo. No hay terceros caminos posibles.\u201d<\/span><\/p>\n<p><span lang=\"ES-VE\">\u00a0<\/span><\/p>\n<p><span lang=\"ES-VE\">El capitalismo sigue demostrando que, lejos de resolver los enormes problemas de la humanidad: la pobreza, la desigualdad social, el desempleo y la destrucci\u00f3n del ecosistema; cada vez los agrava m\u00e1s, en favor de las grandes corporaciones. Y lo dej\u00f3 muy claro apenas iniciado el a\u00f1o, asestando un duro golpe a la paz y la estabilidad mundial, tras el bombardeo al aeropuerto de Bagdad ordenado por la administraci\u00f3n de Trump para asesinar al comandante iran\u00ed Qasem Soleimani, obedeciendo a sectores extremistas del Partido Republicano relacionados con la industria militar.\u00a0 Es un indicio m\u00e1s del endurecimiento de la pol\u00edtica de agresi\u00f3n de los EEUU contra los Pueblos del mundo no alineados con sus intereses. En ese sentido, el llamado es, como siempre, a estar atentos ante posibles nuevas arremetidas injerencistas y violentas en nuestro Continente. <\/span><\/p>\n<p><span lang=\"ES-VE\">\u00a0<\/span><\/p>\n<p><span lang=\"ES-VE\">Los desaf\u00edos de la Revoluci\u00f3n Bolivariana para este a\u00f1o se centran en derrotar la conspiraci\u00f3n tutelada desde el Departamento de Estado Norteamericano, que el a\u00f1o pasado, a pesar de los intentos desestabilizadores, sabotajes, salidas golpistas y magnicidas, guerra medi\u00e1tica y econ\u00f3mica; no tuvo \u00e9xito ante la heroica resistencia del Pueblo de Bol\u00edvar y Ch\u00e1vez.<\/span><\/p>\n<p><span lang=\"ES-VE\">\u00a0<\/span><\/p>\n<p><span lang=\"ES-VE\">El compa\u00f1ero Presidente Nicol\u00e1s Maduro subray\u00f3 de manera contundente: \u201cel 2020 es el a\u00f1o de la estabilidad y de la prosperidad en todas las dimensiones de la vida nacional. En Venezuela tenemos lo necesario para lograrlo\u201d. Es fundamental asumirlo como un gran reto colectivo y no dejarse enga\u00f1ar por quienes, desde los medios de la oligarqu\u00eda nacional e internacional, intentan generar desconcierto y angustia en la poblaci\u00f3n. La inflaci\u00f3n inducida se ha venido enfrentando con mucha determinaci\u00f3n, y este a\u00f1o ser\u00e1 vital para lograr la recuperaci\u00f3n definitiva de nuestro aparato agroproductivo y, por ende, de nuestra econom\u00eda nacional. As\u00ed como no hay revoluci\u00f3n verdadera sin revoluci\u00f3n cultural, no la hay sin una econom\u00eda sana, estable, anticapitalista, que le asegure al Pueblo \u201cla mayor suma de felicidad posible\u201d.<\/span><\/p>\n<p><span lang=\"ES-VE\">\u00a0<\/span><\/p>\n<p><span lang=\"ES-VE\">Tambi\u00e9n en lo pol\u00edtico hay grandes retos. La estabilidad econ\u00f3mica requiere estabilidad pol\u00edtica, y se hace necesario que todos los sectores democr\u00e1ticos del pa\u00eds, tanto del Gobierno Revolucionario como de la oposici\u00f3n cr\u00edtica y no violenta (que no comparte nuestra concepci\u00f3n ideol\u00f3gica pero apuesta por la v\u00eda constitucional y el di\u00e1logo), se sumen al debate con un solo objetivo: fortalecer la confianza en nuestra democracia popular. Por eso es importante que la venidera batalla electoral de cara a la Asamblea Nacional, sea asumida con dignidad, con patriotismo, para dar una estocada final a las pretensiones de salidas golpistas que estimulan sectores ultraderechistas.\u00a0 \u00a0\u00a0\u00a0<\/span><\/p>\n<p><span lang=\"ES-VE\">\u00a0<\/span><\/p>\n<p><span lang=\"ES-VE\">Como se dijo antes, estos retos no son s\u00f3lo del Gobierno Revolucionario. La dirigencia del Partido Socialista Unido de Venezuela (PSUV) y del Gran Polo Patri\u00f3tico, la militancia y todo el Pueblo trabajador, deben \u00a0asumir su papel hist\u00f3rico de organizaci\u00f3n y movilizaci\u00f3n \u00a0para la defensa de la Patria. La especulaci\u00f3n criminal ser\u00e1 derrotada, definitivamente, s\u00f3lo con la participaci\u00f3n activa del Poder Popular, movimientos sociales, trabajadoras y trabajadores del pa\u00eds. Debe ser el a\u00f1o de la unidad nacional para vencer la conspiraci\u00f3n multifactorial e impulsar el progreso y el bienestar social.<\/span><\/p>\n<p><span lang=\"ES-VE\">\u00a0<\/span><\/p>\n<p><span lang=\"ES-VE\">Grandes desaf\u00edos requieren tempranas\u00a0 acciones.\u00a0 En ese sentido, ya para este mes de enero, los movimientos sociales y pol\u00edticos del mundo se reunir\u00e1n en Caracas en el marco del Foro de Sao Paulo (FSP), para discutir las tareas inmediatas en la lucha permanente contra el imperialismo, revisar los planes y acordar estrategias concretas. Es una responsabilidad de gran trascendencia, que debemos asumir con disciplina y esp\u00edritu internacionalista.<\/span><\/p>\n<p><span lang=\"ES-VE\">\u00a0<\/span><\/p>\n<p><span lang=\"ES-VE\">Y est\u00e1n las tareas permanentes, que no deben descuidarse un solo instante. La formaci\u00f3n y organizaci\u00f3n de nuestro Pueblo, de nuestra juventud, orientando los esfuerzos a la consolidaci\u00f3n de la conciencia revolucionaria y humanista y la defensa del legado del Comandante Hugo Ch\u00e1vez, para que las futuras generaciones \u201cescriban la historia en un mundo mejor\u201d, como cant\u00f3 Al\u00ed Primera. \u00a0\u00a0\u00a0<\/span><\/p>\n<p><span lang=\"ES-VE\">\u00a0<\/span><\/p>\n<p><span lang=\"ES-VE\">Quiero terminar estas l\u00edneas con nuestro Comandante Eterno, refiri\u00e9ndose en el pre\u00e1mbulo del Plan de la Patria, a los retos que nos ha tocado enfrentar en estos tiempos:<\/span><\/p>\n<p><span lang=\"ES-VE\">\u00a0<\/span><\/p>\n<p><span lang=\"ES-VE\">\u201c\u2026<\/span><span lang=\"ES-VE\">a la tesis reaccionaria de Imperio y de<b><i>\u00a0<\/i><\/b>la burgues\u00eda ap\u00e1trida contra la Patria, nosotros y nosotras le oponemos la tesis combativa, creativa y liberadora de la Independencia y el socialismo como proyecto \u2026 [dial\u00e9ctico para la transformaci\u00f3n]: la Independencia no ha terminado y la forjamos en nuestra lucha diaria y permanente. Nos toca realizar plenamente el sue\u00f1o libertario que nunca ha dejado de palpitar en la Patria y que hoy est\u00e1 latiendo de manera incesante. As\u00ed lo creo desde la fe combativa y la raz\u00f3n amorosa que me alienta: la herencia heroica nos obliga y tal exigencia es bandera y compromiso para nosotros y nosotras. Desde el tiempo que nos ha tocado vivir es preciso honrar los retos; tantos sacrificios no pueden ser en vano, hacerlos carne y sangre de la vida nueva tiene que seguir siendo el horizonte que nos llama y desaf\u00eda\u201d.<\/span><\/p>\n<p><span lang=\"ES-VE\">\u00a0<\/span><\/p>\n","protected":false},"excerpt":{"rendered":"<p>&nbsp; Ad\u00e1n Ch\u00e1vez Fr\u00edas @Adan_Coromoto \u00a0 Los desaf\u00edos del 2020 y el legado de Ch\u00e1vez \u00a0 Retomando nuevamente nuestro Sentir Bolivariano, despu\u00e9s de una breve pausa para el compartir en <a class=\"more-link\" href=\"https:\/\/cubausrelations.com\/Blog\/2020-y-el-legado-de-chavez-adan-chavez\/\">Continue Reading &rarr;<\/a><\/p>\n","protected":false},"author":2,"featured_media":0,"comment_status":"closed","ping_status":"closed","sticky":false,"template":"","format":"standard","meta":{"footnotes":""},"categories":[32,33],"tags":[],"class_list":["post-751","post","type-post","status-publish","format-standard","hentry","category-periodismocuba","category-venezuela"],"yoast_head":"<!-- This site is optimized with the Yoast SEO plugin v27.3 - https:\/\/yoast.com\/product\/yoast-seo-wordpress\/ -->\n<title>2020 y el legado de Ch\u00e1vez AD\u00c1N CH\u00c1VEZ -<\/title>\n<meta name=\"robots\" content=\"index, follow, max-snippet:-1, max-image-preview:large, max-video-preview:-1\" \/>\n<link rel=\"canonical\" href=\"https:\/\/cubausrelations.com\/Blog\/2020-y-el-legado-de-chavez-adan-chavez\/\" \/>\n<meta property=\"og:locale\" content=\"en_US\" \/>\n<meta property=\"og:type\" content=\"article\" \/>\n<meta property=\"og:title\" content=\"2020 y el legado de Ch\u00e1vez AD\u00c1N CH\u00c1VEZ -\" \/>\n<meta property=\"og:description\" content=\"&nbsp; Ad\u00e1n Ch\u00e1vez Fr\u00edas @Adan_Coromoto \u00a0 Los desaf\u00edos del 2020 y el legado de Ch\u00e1vez \u00a0 Retomando nuevamente nuestro Sentir Bolivariano, despu\u00e9s de una breve pausa para el compartir en Continue Reading &rarr;\" \/>\n<meta property=\"og:url\" content=\"https:\/\/cubausrelations.com\/Blog\/2020-y-el-legado-de-chavez-adan-chavez\/\" \/>\n<meta property=\"article:published_time\" content=\"2020-01-13T21:21:10+00:00\" \/>\n<meta name=\"author\" content=\"Arnold August\" \/>\n<meta name=\"twitter:card\" content=\"summary_large_image\" \/>\n<meta name=\"twitter:label1\" content=\"Written by\" \/>\n\t<meta name=\"twitter:data1\" content=\"Arnold August\" \/>\n\t<meta name=\"twitter:label2\" content=\"Est. reading time\" \/>\n\t<meta name=\"twitter:data2\" content=\"5 minutes\" \/>\n<script type=\"application\/ld+json\" class=\"yoast-schema-graph\">{\"@context\":\"https:\\\/\\\/schema.org\",\"@graph\":[{\"@type\":\"Article\",\"@id\":\"https:\\\/\\\/cubausrelations.com\\\/Blog\\\/2020-y-el-legado-de-chavez-adan-chavez\\\/#article\",\"isPartOf\":{\"@id\":\"https:\\\/\\\/cubausrelations.com\\\/Blog\\\/2020-y-el-legado-de-chavez-adan-chavez\\\/\"},\"author\":{\"name\":\"Arnold August\",\"@id\":\"https:\\\/\\\/cubausrelations.com\\\/Blog\\\/#\\\/schema\\\/person\\\/abcedeb68b9ee26f04d3b5c9c5fde504\"},\"headline\":\"2020 y el legado de Ch\u00e1vez AD\u00c1N CH\u00c1VEZ\",\"datePublished\":\"2020-01-13T21:21:10+00:00\",\"mainEntityOfPage\":{\"@id\":\"https:\\\/\\\/cubausrelations.com\\\/Blog\\\/2020-y-el-legado-de-chavez-adan-chavez\\\/\"},\"wordCount\":1090,\"articleSection\":[\"PeriodismoCuba\",\"Venezuela\"],\"inLanguage\":\"en-US\"},{\"@type\":\"WebPage\",\"@id\":\"https:\\\/\\\/cubausrelations.com\\\/Blog\\\/2020-y-el-legado-de-chavez-adan-chavez\\\/\",\"url\":\"https:\\\/\\\/cubausrelations.com\\\/Blog\\\/2020-y-el-legado-de-chavez-adan-chavez\\\/\",\"name\":\"2020 y el legado de Ch\u00e1vez AD\u00c1N CH\u00c1VEZ -\",\"isPartOf\":{\"@id\":\"https:\\\/\\\/cubausrelations.com\\\/Blog\\\/#website\"},\"datePublished\":\"2020-01-13T21:21:10+00:00\",\"author\":{\"@id\":\"https:\\\/\\\/cubausrelations.com\\\/Blog\\\/#\\\/schema\\\/person\\\/abcedeb68b9ee26f04d3b5c9c5fde504\"},\"breadcrumb\":{\"@id\":\"https:\\\/\\\/cubausrelations.com\\\/Blog\\\/2020-y-el-legado-de-chavez-adan-chavez\\\/#breadcrumb\"},\"inLanguage\":\"en-US\",\"potentialAction\":[{\"@type\":\"ReadAction\",\"target\":[\"https:\\\/\\\/cubausrelations.com\\\/Blog\\\/2020-y-el-legado-de-chavez-adan-chavez\\\/\"]}]},{\"@type\":\"BreadcrumbList\",\"@id\":\"https:\\\/\\\/cubausrelations.com\\\/Blog\\\/2020-y-el-legado-de-chavez-adan-chavez\\\/#breadcrumb\",\"itemListElement\":[{\"@type\":\"ListItem\",\"position\":1,\"name\":\"Home\",\"item\":\"https:\\\/\\\/cubausrelations.com\\\/Blog\\\/\"},{\"@type\":\"ListItem\",\"position\":2,\"name\":\"2020 y el legado de Ch\u00e1vez AD\u00c1N CH\u00c1VEZ\"}]},{\"@type\":\"WebSite\",\"@id\":\"https:\\\/\\\/cubausrelations.com\\\/Blog\\\/#website\",\"url\":\"https:\\\/\\\/cubausrelations.com\\\/Blog\\\/\",\"name\":\"\",\"description\":\"\",\"potentialAction\":[{\"@type\":\"SearchAction\",\"target\":{\"@type\":\"EntryPoint\",\"urlTemplate\":\"https:\\\/\\\/cubausrelations.com\\\/Blog\\\/?s={search_term_string}\"},\"query-input\":{\"@type\":\"PropertyValueSpecification\",\"valueRequired\":true,\"valueName\":\"search_term_string\"}}],\"inLanguage\":\"en-US\"},{\"@type\":\"Person\",\"@id\":\"https:\\\/\\\/cubausrelations.com\\\/Blog\\\/#\\\/schema\\\/person\\\/abcedeb68b9ee26f04d3b5c9c5fde504\",\"name\":\"Arnold August\",\"image\":{\"@type\":\"ImageObject\",\"inLanguage\":\"en-US\",\"@id\":\"https:\\\/\\\/secure.gravatar.com\\\/avatar\\\/8f9dae0d8c49d820d586c1b9d079351778393a6a8b29f8bd48bfcafa55e12996?s=96&d=mm&r=g\",\"url\":\"https:\\\/\\\/secure.gravatar.com\\\/avatar\\\/8f9dae0d8c49d820d586c1b9d079351778393a6a8b29f8bd48bfcafa55e12996?s=96&d=mm&r=g\",\"contentUrl\":\"https:\\\/\\\/secure.gravatar.com\\\/avatar\\\/8f9dae0d8c49d820d586c1b9d079351778393a6a8b29f8bd48bfcafa55e12996?s=96&d=mm&r=g\",\"caption\":\"Arnold August\"},\"sameAs\":[\"http:\\\/\\\/cubausrelations.com\\\/\"]}]}<\/script>\n<!-- \/ Yoast SEO plugin. -->","yoast_head_json":{"title":"2020 y el legado de Ch\u00e1vez AD\u00c1N CH\u00c1VEZ -","robots":{"index":"index","follow":"follow","max-snippet":"max-snippet:-1","max-image-preview":"max-image-preview:large","max-video-preview":"max-video-preview:-1"},"canonical":"https:\/\/cubausrelations.com\/Blog\/2020-y-el-legado-de-chavez-adan-chavez\/","og_locale":"en_US","og_type":"article","og_title":"2020 y el legado de Ch\u00e1vez AD\u00c1N CH\u00c1VEZ -","og_description":"&nbsp; Ad\u00e1n Ch\u00e1vez Fr\u00edas @Adan_Coromoto \u00a0 Los desaf\u00edos del 2020 y el legado de Ch\u00e1vez \u00a0 Retomando nuevamente nuestro Sentir Bolivariano, despu\u00e9s de una breve pausa para el compartir en Continue Reading &rarr;","og_url":"https:\/\/cubausrelations.com\/Blog\/2020-y-el-legado-de-chavez-adan-chavez\/","article_published_time":"2020-01-13T21:21:10+00:00","author":"Arnold August","twitter_card":"summary_large_image","twitter_misc":{"Written by":"Arnold August","Est. reading time":"5 minutes"},"schema":{"@context":"https:\/\/schema.org","@graph":[{"@type":"Article","@id":"https:\/\/cubausrelations.com\/Blog\/2020-y-el-legado-de-chavez-adan-chavez\/#article","isPartOf":{"@id":"https:\/\/cubausrelations.com\/Blog\/2020-y-el-legado-de-chavez-adan-chavez\/"},"author":{"name":"Arnold August","@id":"https:\/\/cubausrelations.com\/Blog\/#\/schema\/person\/abcedeb68b9ee26f04d3b5c9c5fde504"},"headline":"2020 y el legado de Ch\u00e1vez AD\u00c1N CH\u00c1VEZ","datePublished":"2020-01-13T21:21:10+00:00","mainEntityOfPage":{"@id":"https:\/\/cubausrelations.com\/Blog\/2020-y-el-legado-de-chavez-adan-chavez\/"},"wordCount":1090,"articleSection":["PeriodismoCuba","Venezuela"],"inLanguage":"en-US"},{"@type":"WebPage","@id":"https:\/\/cubausrelations.com\/Blog\/2020-y-el-legado-de-chavez-adan-chavez\/","url":"https:\/\/cubausrelations.com\/Blog\/2020-y-el-legado-de-chavez-adan-chavez\/","name":"2020 y el legado de Ch\u00e1vez AD\u00c1N CH\u00c1VEZ -","isPartOf":{"@id":"https:\/\/cubausrelations.com\/Blog\/#website"},"datePublished":"2020-01-13T21:21:10+00:00","author":{"@id":"https:\/\/cubausrelations.com\/Blog\/#\/schema\/person\/abcedeb68b9ee26f04d3b5c9c5fde504"},"breadcrumb":{"@id":"https:\/\/cubausrelations.com\/Blog\/2020-y-el-legado-de-chavez-adan-chavez\/#breadcrumb"},"inLanguage":"en-US","potentialAction":[{"@type":"ReadAction","target":["https:\/\/cubausrelations.com\/Blog\/2020-y-el-legado-de-chavez-adan-chavez\/"]}]},{"@type":"BreadcrumbList","@id":"https:\/\/cubausrelations.com\/Blog\/2020-y-el-legado-de-chavez-adan-chavez\/#breadcrumb","itemListElement":[{"@type":"ListItem","position":1,"name":"Home","item":"https:\/\/cubausrelations.com\/Blog\/"},{"@type":"ListItem","position":2,"name":"2020 y el legado de Ch\u00e1vez AD\u00c1N CH\u00c1VEZ"}]},{"@type":"WebSite","@id":"https:\/\/cubausrelations.com\/Blog\/#website","url":"https:\/\/cubausrelations.com\/Blog\/","name":"","description":"","potentialAction":[{"@type":"SearchAction","target":{"@type":"EntryPoint","urlTemplate":"https:\/\/cubausrelations.com\/Blog\/?s={search_term_string}"},"query-input":{"@type":"PropertyValueSpecification","valueRequired":true,"valueName":"search_term_string"}}],"inLanguage":"en-US"},{"@type":"Person","@id":"https:\/\/cubausrelations.com\/Blog\/#\/schema\/person\/abcedeb68b9ee26f04d3b5c9c5fde504","name":"Arnold August","image":{"@type":"ImageObject","inLanguage":"en-US","@id":"https:\/\/secure.gravatar.com\/avatar\/8f9dae0d8c49d820d586c1b9d079351778393a6a8b29f8bd48bfcafa55e12996?s=96&d=mm&r=g","url":"https:\/\/secure.gravatar.com\/avatar\/8f9dae0d8c49d820d586c1b9d079351778393a6a8b29f8bd48bfcafa55e12996?s=96&d=mm&r=g","contentUrl":"https:\/\/secure.gravatar.com\/avatar\/8f9dae0d8c49d820d586c1b9d079351778393a6a8b29f8bd48bfcafa55e12996?s=96&d=mm&r=g","caption":"Arnold August"},"sameAs":["http:\/\/cubausrelations.com\/"]}]}},"_links":{"self":[{"href":"https:\/\/cubausrelations.com\/Blog\/wp-json\/wp\/v2\/posts\/751","targetHints":{"allow":["GET"]}}],"collection":[{"href":"https:\/\/cubausrelations.com\/Blog\/wp-json\/wp\/v2\/posts"}],"about":[{"href":"https:\/\/cubausrelations.com\/Blog\/wp-json\/wp\/v2\/types\/post"}],"author":[{"embeddable":true,"href":"https:\/\/cubausrelations.com\/Blog\/wp-json\/wp\/v2\/users\/2"}],"replies":[{"embeddable":true,"href":"https:\/\/cubausrelations.com\/Blog\/wp-json\/wp\/v2\/comments?post=751"}],"version-history":[{"count":2,"href":"https:\/\/cubausrelations.com\/Blog\/wp-json\/wp\/v2\/posts\/751\/revisions"}],"predecessor-version":[{"id":753,"href":"https:\/\/cubausrelations.com\/Blog\/wp-json\/wp\/v2\/posts\/751\/revisions\/753"}],"wp:attachment":[{"href":"https:\/\/cubausrelations.com\/Blog\/wp-json\/wp\/v2\/media?parent=751"}],"wp:term":[{"taxonomy":"category","embeddable":true,"href":"https:\/\/cubausrelations.com\/Blog\/wp-json\/wp\/v2\/categories?post=751"},{"taxonomy":"post_tag","embeddable":true,"href":"https:\/\/cubausrelations.com\/Blog\/wp-json\/wp\/v2\/tags?post=751"}],"curies":[{"name":"wp","href":"https:\/\/api.w.org\/{rel}","templated":true}]}}