{"id":861,"date":"2021-10-02T16:50:38","date_gmt":"2021-10-02T16:50:38","guid":{"rendered":"https:\/\/cubausrelations.com\/Blog\/?p=861"},"modified":"2021-10-02T16:50:38","modified_gmt":"2021-10-02T16:50:38","slug":"los-temas-mas-mencionados-durante-el-debate-general-del-75-periodo-de-sesiones-onu","status":"publish","type":"post","link":"https:\/\/cubausrelations.com\/Blog\/los-temas-mas-mencionados-durante-el-debate-general-del-75-periodo-de-sesiones-onu\/","title":{"rendered":"Los temas m\u00e1s mencionados durante el Debate General del 75 per\u00edodo de sesiones ONU"},"content":{"rendered":"<p><img loading=\"lazy\" decoding=\"async\" class=\"alignnone size-medium wp-image-862\" src=\"https:\/\/cubausrelations.com\/Blog\/wp-content\/uploads\/2021\/10\/9BABB6F6-BEEC-44F2-A94C-F1F4AC5BA194-189x300.jpeg\" alt=\"\" width=\"189\" height=\"300\" srcset=\"https:\/\/cubausrelations.com\/Blog\/wp-content\/uploads\/2021\/10\/9BABB6F6-BEEC-44F2-A94C-F1F4AC5BA194-189x300.jpeg 189w, https:\/\/cubausrelations.com\/Blog\/wp-content\/uploads\/2021\/10\/9BABB6F6-BEEC-44F2-A94C-F1F4AC5BA194-646x1024.jpeg 646w, https:\/\/cubausrelations.com\/Blog\/wp-content\/uploads\/2021\/10\/9BABB6F6-BEEC-44F2-A94C-F1F4AC5BA194-768x1217.jpeg 768w, https:\/\/cubausrelations.com\/Blog\/wp-content\/uploads\/2021\/10\/9BABB6F6-BEEC-44F2-A94C-F1F4AC5BA194-969x1536.jpeg 969w, https:\/\/cubausrelations.com\/Blog\/wp-content\/uploads\/2021\/10\/9BABB6F6-BEEC-44F2-A94C-F1F4AC5BA194-640x1014.jpeg 640w, https:\/\/cubausrelations.com\/Blog\/wp-content\/uploads\/2021\/10\/9BABB6F6-BEEC-44F2-A94C-F1F4AC5BA194.jpeg 1284w\" sizes=\"auto, (max-width: 189px) 100vw, 189px\" \/><\/p>\n<p><span style=\"font-size: 16px;\"><br \/>\nLos temas m\u00e1s mencionados durante el Debate General del 75 per\u00edodo de sesiones fueron los siguientes:<\/span><\/p>\n<p>1.Cambio Clim\u00e1tico: Principal desaf\u00edo global en estos momentos. Apoyo al Acuerdo de Par\u00eds y sus compromisos. La COP 26 como momento decisivo para la comunidad internacional.<\/p>\n<p>2.Agenda 2030: Necesidad su plena aplicaci\u00f3n. Fortalecer la cooperaci\u00f3n, las alianzas equitativas para apoyar el desarrollo y el impulso a los Objetivos de Desarrollo Sostenibles.<\/p>\n<p>3.Impacto sanitario, social y econ\u00f3mico de la pandemia de la COVID-19 en el mundo: Vulnerabilidades de los pa\u00edses en desarrollo para enfrentar las consecuencias de esta pandemia. La COVID-19 ha revelado las desigualdades existentes en el mundo. Papel de la OMS en el enfrentamiento a la pandemia.<\/p>\n<p>4. Acceso equitativo a las vacunas: \u00a0Necesidad de que las vacunas y los tratamientos contra la COVID-19 sean un bien com\u00fan y accesible igualitariamente para todos los pa\u00edses, especialmente los m\u00e1s pobres. Agradecimiento y apoyo al mecanismo COVAX.<\/p>\n<p>5.Multilateralismo: espec\u00edficamente la necesidad de fortalecer y preservar la ONU ante los retos actuales que enfrenta la humanidad, respetando los principio de la Carta de las Naciones Unidas y el Derecho Internacional. Necesidad de la cooperaci\u00f3n y la solidaridad internacional para enfrentar los problemas actuales, en particular las consecuencias de la pandemia.<\/p>\n<p>6.Reforma de la ONU: Necesidad de una ONU revitalizada, para enfrentar los desaf\u00edos del mundo de hoy.<\/p>\n<p>7.Reforma del Consejo de Seguridad: Avanzar en la reforma del Consejo de Seguridad para que este sea m\u00e1s democr\u00e1tico y representativo. Reclamo fundamental de los pa\u00edses africanos.<\/p>\n<p>8.Terrorismo y extremismo violento: importantes desaf\u00edos a enfrentar. Conflictos en Siria, Yemen, Afganist\u00e1n, Libia. Condena al discurso de odio, xenofobia y violencia por culto o religi\u00f3n que potencia las acciones terroristas.<\/p>\n<p>9.Cuba: Menciones relacionadas fundamentalmente con el levantamiento del bloqueo econ\u00f3mico, comercial y financiero impuesto a Cuba por el gobierno de los EE. UU., y la relaci\u00f3n bilateral entre ambos pa\u00edses. Tambi\u00e9n se reconoci\u00f3 y agradeci\u00f3 por la cooperaci\u00f3n medica brindada por Cuba durante la pandemia y la tradicional cooperaci\u00f3n en la formaci\u00f3n de profesionales de la salud.<\/p>\n<p>10.Afganist\u00e1n: Preocupaci\u00f3n por la paz y estabilidad en este pa\u00eds.<\/p>\n<p>11.Derechos humanos: Espec\u00edficamente sobre la igualdad de g\u00e9nero y empoderamiento de la mujer. Violaciones de los Derechos Humanos en determinados pa\u00edses.<\/p>\n<p>12.Cuesti\u00f3n de Palestina: Necesidad de resolver el conflicto mediante la creaci\u00f3n de dos Estados.<\/p>\n<p>13. Migraci\u00f3n y refugiados: La migraci\u00f3n como fen\u00f3meno constante que debe ser atendido por la comunidad internacional. Tomar medidas para detener los flujos migratorios. Necesidad de una respuesta global a la crisis de refugiados y migrantes.<\/p>\n<p>14.Ciberseguridad: Brecha digital dentro de los pa\u00edses y entre pa\u00edses. Necesidad de protecci\u00f3n de la privacidad en las redes, as\u00ed como el respeto a la libertad de expresi\u00f3n.<\/p>\n<p>15.Desarme nuclear. Compromiso con el desarme general y completo de las armas de destrucci\u00f3n masiva. El desarme y la no proliferaci\u00f3n de armas deben continuar siendo objetivos primordiales de la ONU y de la cooperaci\u00f3n internacional.<\/p>\n","protected":false},"excerpt":{"rendered":"<p>Los temas m\u00e1s mencionados durante el Debate General del 75 per\u00edodo de sesiones fueron los siguientes: 1.Cambio Clim\u00e1tico: Principal desaf\u00edo global en estos momentos. Apoyo al Acuerdo de Par\u00eds y <a class=\"more-link\" href=\"https:\/\/cubausrelations.com\/Blog\/los-temas-mas-mencionados-durante-el-debate-general-del-75-periodo-de-sesiones-onu\/\">Continue Reading &rarr;<\/a><\/p>\n","protected":false},"author":2,"featured_media":0,"comment_status":"closed","ping_status":"closed","sticky":false,"template":"","format":"standard","meta":{"footnotes":""},"categories":[28,10],"tags":[],"class_list":["post-861","post","type-post","status-publish","format-standard","hentry","category-arnold-august","category-cubausrelations"],"yoast_head":"<!-- This site is optimized with the Yoast SEO plugin v27.5 - https:\/\/yoast.com\/product\/yoast-seo-wordpress\/ -->\n<title>Los temas m\u00e1s mencionados durante el Debate General del 75 per\u00edodo de sesiones ONU -<\/title>\n<meta name=\"robots\" content=\"index, follow, max-snippet:-1, max-image-preview:large, max-video-preview:-1\" \/>\n<link rel=\"canonical\" href=\"https:\/\/cubausrelations.com\/Blog\/los-temas-mas-mencionados-durante-el-debate-general-del-75-periodo-de-sesiones-onu\/\" \/>\n<meta property=\"og:locale\" content=\"en_US\" \/>\n<meta property=\"og:type\" content=\"article\" \/>\n<meta property=\"og:title\" content=\"Los temas m\u00e1s mencionados durante el Debate General del 75 per\u00edodo de sesiones ONU -\" \/>\n<meta property=\"og:description\" content=\"Los temas m\u00e1s mencionados durante el Debate General del 75 per\u00edodo de sesiones fueron los siguientes: 1.Cambio Clim\u00e1tico: Principal desaf\u00edo global en estos momentos. Apoyo al Acuerdo de Par\u00eds y Continue Reading &rarr;\" \/>\n<meta property=\"og:url\" content=\"https:\/\/cubausrelations.com\/Blog\/los-temas-mas-mencionados-durante-el-debate-general-del-75-periodo-de-sesiones-onu\/\" \/>\n<meta property=\"article:published_time\" content=\"2021-10-02T16:50:38+00:00\" \/>\n<meta property=\"og:image\" content=\"https:\/\/cubausrelations.com\/Blog\/wp-content\/uploads\/2021\/10\/9BABB6F6-BEEC-44F2-A94C-F1F4AC5BA194-189x300.jpeg\" \/>\n<meta name=\"author\" content=\"Arnold August\" \/>\n<meta name=\"twitter:card\" content=\"summary_large_image\" \/>\n<meta name=\"twitter:label1\" content=\"Written by\" \/>\n\t<meta name=\"twitter:data1\" content=\"Arnold August\" \/>\n\t<meta name=\"twitter:label2\" content=\"Est. reading time\" \/>\n\t<meta name=\"twitter:data2\" content=\"3 minutes\" \/>\n<script type=\"application\/ld+json\" class=\"yoast-schema-graph\">{\"@context\":\"https:\\\/\\\/schema.org\",\"@graph\":[{\"@type\":\"Article\",\"@id\":\"https:\\\/\\\/cubausrelations.com\\\/Blog\\\/los-temas-mas-mencionados-durante-el-debate-general-del-75-periodo-de-sesiones-onu\\\/#article\",\"isPartOf\":{\"@id\":\"https:\\\/\\\/cubausrelations.com\\\/Blog\\\/los-temas-mas-mencionados-durante-el-debate-general-del-75-periodo-de-sesiones-onu\\\/\"},\"author\":{\"name\":\"Arnold August\",\"@id\":\"https:\\\/\\\/cubausrelations.com\\\/Blog\\\/#\\\/schema\\\/person\\\/abcedeb68b9ee26f04d3b5c9c5fde504\"},\"headline\":\"Los temas m\u00e1s mencionados durante el Debate General del 75 per\u00edodo de sesiones ONU\",\"datePublished\":\"2021-10-02T16:50:38+00:00\",\"mainEntityOfPage\":{\"@id\":\"https:\\\/\\\/cubausrelations.com\\\/Blog\\\/los-temas-mas-mencionados-durante-el-debate-general-del-75-periodo-de-sesiones-onu\\\/\"},\"wordCount\":537,\"image\":{\"@id\":\"https:\\\/\\\/cubausrelations.com\\\/Blog\\\/los-temas-mas-mencionados-durante-el-debate-general-del-75-periodo-de-sesiones-onu\\\/#primaryimage\"},\"thumbnailUrl\":\"https:\\\/\\\/cubausrelations.com\\\/Blog\\\/wp-content\\\/uploads\\\/2021\\\/10\\\/9BABB6F6-BEEC-44F2-A94C-F1F4AC5BA194-189x300.jpeg\",\"articleSection\":[\"Arnold August\",\"CubaUSRelations\"],\"inLanguage\":\"en-US\"},{\"@type\":\"WebPage\",\"@id\":\"https:\\\/\\\/cubausrelations.com\\\/Blog\\\/los-temas-mas-mencionados-durante-el-debate-general-del-75-periodo-de-sesiones-onu\\\/\",\"url\":\"https:\\\/\\\/cubausrelations.com\\\/Blog\\\/los-temas-mas-mencionados-durante-el-debate-general-del-75-periodo-de-sesiones-onu\\\/\",\"name\":\"Los temas m\u00e1s mencionados durante el Debate General del 75 per\u00edodo de sesiones ONU -\",\"isPartOf\":{\"@id\":\"https:\\\/\\\/cubausrelations.com\\\/Blog\\\/#website\"},\"primaryImageOfPage\":{\"@id\":\"https:\\\/\\\/cubausrelations.com\\\/Blog\\\/los-temas-mas-mencionados-durante-el-debate-general-del-75-periodo-de-sesiones-onu\\\/#primaryimage\"},\"image\":{\"@id\":\"https:\\\/\\\/cubausrelations.com\\\/Blog\\\/los-temas-mas-mencionados-durante-el-debate-general-del-75-periodo-de-sesiones-onu\\\/#primaryimage\"},\"thumbnailUrl\":\"https:\\\/\\\/cubausrelations.com\\\/Blog\\\/wp-content\\\/uploads\\\/2021\\\/10\\\/9BABB6F6-BEEC-44F2-A94C-F1F4AC5BA194-189x300.jpeg\",\"datePublished\":\"2021-10-02T16:50:38+00:00\",\"author\":{\"@id\":\"https:\\\/\\\/cubausrelations.com\\\/Blog\\\/#\\\/schema\\\/person\\\/abcedeb68b9ee26f04d3b5c9c5fde504\"},\"breadcrumb\":{\"@id\":\"https:\\\/\\\/cubausrelations.com\\\/Blog\\\/los-temas-mas-mencionados-durante-el-debate-general-del-75-periodo-de-sesiones-onu\\\/#breadcrumb\"},\"inLanguage\":\"en-US\",\"potentialAction\":[{\"@type\":\"ReadAction\",\"target\":[\"https:\\\/\\\/cubausrelations.com\\\/Blog\\\/los-temas-mas-mencionados-durante-el-debate-general-del-75-periodo-de-sesiones-onu\\\/\"]}]},{\"@type\":\"ImageObject\",\"inLanguage\":\"en-US\",\"@id\":\"https:\\\/\\\/cubausrelations.com\\\/Blog\\\/los-temas-mas-mencionados-durante-el-debate-general-del-75-periodo-de-sesiones-onu\\\/#primaryimage\",\"url\":\"https:\\\/\\\/cubausrelations.com\\\/Blog\\\/wp-content\\\/uploads\\\/2021\\\/10\\\/9BABB6F6-BEEC-44F2-A94C-F1F4AC5BA194.jpeg\",\"contentUrl\":\"https:\\\/\\\/cubausrelations.com\\\/Blog\\\/wp-content\\\/uploads\\\/2021\\\/10\\\/9BABB6F6-BEEC-44F2-A94C-F1F4AC5BA194.jpeg\",\"width\":1284,\"height\":2035},{\"@type\":\"BreadcrumbList\",\"@id\":\"https:\\\/\\\/cubausrelations.com\\\/Blog\\\/los-temas-mas-mencionados-durante-el-debate-general-del-75-periodo-de-sesiones-onu\\\/#breadcrumb\",\"itemListElement\":[{\"@type\":\"ListItem\",\"position\":1,\"name\":\"Home\",\"item\":\"https:\\\/\\\/cubausrelations.com\\\/Blog\\\/\"},{\"@type\":\"ListItem\",\"position\":2,\"name\":\"Los temas m\u00e1s mencionados durante el Debate General del 75 per\u00edodo de sesiones ONU\"}]},{\"@type\":\"WebSite\",\"@id\":\"https:\\\/\\\/cubausrelations.com\\\/Blog\\\/#website\",\"url\":\"https:\\\/\\\/cubausrelations.com\\\/Blog\\\/\",\"name\":\"\",\"description\":\"\",\"potentialAction\":[{\"@type\":\"SearchAction\",\"target\":{\"@type\":\"EntryPoint\",\"urlTemplate\":\"https:\\\/\\\/cubausrelations.com\\\/Blog\\\/?s={search_term_string}\"},\"query-input\":{\"@type\":\"PropertyValueSpecification\",\"valueRequired\":true,\"valueName\":\"search_term_string\"}}],\"inLanguage\":\"en-US\"},{\"@type\":\"Person\",\"@id\":\"https:\\\/\\\/cubausrelations.com\\\/Blog\\\/#\\\/schema\\\/person\\\/abcedeb68b9ee26f04d3b5c9c5fde504\",\"name\":\"Arnold August\",\"image\":{\"@type\":\"ImageObject\",\"inLanguage\":\"en-US\",\"@id\":\"https:\\\/\\\/secure.gravatar.com\\\/avatar\\\/8f9dae0d8c49d820d586c1b9d079351778393a6a8b29f8bd48bfcafa55e12996?s=96&d=mm&r=g\",\"url\":\"https:\\\/\\\/secure.gravatar.com\\\/avatar\\\/8f9dae0d8c49d820d586c1b9d079351778393a6a8b29f8bd48bfcafa55e12996?s=96&d=mm&r=g\",\"contentUrl\":\"https:\\\/\\\/secure.gravatar.com\\\/avatar\\\/8f9dae0d8c49d820d586c1b9d079351778393a6a8b29f8bd48bfcafa55e12996?s=96&d=mm&r=g\",\"caption\":\"Arnold August\"},\"sameAs\":[\"http:\\\/\\\/cubausrelations.com\\\/\"]}]}<\/script>\n<!-- \/ Yoast SEO plugin. -->","yoast_head_json":{"title":"Los temas m\u00e1s mencionados durante el Debate General del 75 per\u00edodo de sesiones ONU -","robots":{"index":"index","follow":"follow","max-snippet":"max-snippet:-1","max-image-preview":"max-image-preview:large","max-video-preview":"max-video-preview:-1"},"canonical":"https:\/\/cubausrelations.com\/Blog\/los-temas-mas-mencionados-durante-el-debate-general-del-75-periodo-de-sesiones-onu\/","og_locale":"en_US","og_type":"article","og_title":"Los temas m\u00e1s mencionados durante el Debate General del 75 per\u00edodo de sesiones ONU -","og_description":"Los temas m\u00e1s mencionados durante el Debate General del 75 per\u00edodo de sesiones fueron los siguientes: 1.Cambio Clim\u00e1tico: Principal desaf\u00edo global en estos momentos. Apoyo al Acuerdo de Par\u00eds y Continue Reading &rarr;","og_url":"https:\/\/cubausrelations.com\/Blog\/los-temas-mas-mencionados-durante-el-debate-general-del-75-periodo-de-sesiones-onu\/","article_published_time":"2021-10-02T16:50:38+00:00","og_image":[{"url":"https:\/\/cubausrelations.com\/Blog\/wp-content\/uploads\/2021\/10\/9BABB6F6-BEEC-44F2-A94C-F1F4AC5BA194-189x300.jpeg","type":"","width":"","height":""}],"author":"Arnold August","twitter_card":"summary_large_image","twitter_misc":{"Written by":"Arnold August","Est. reading time":"3 minutes"},"schema":{"@context":"https:\/\/schema.org","@graph":[{"@type":"Article","@id":"https:\/\/cubausrelations.com\/Blog\/los-temas-mas-mencionados-durante-el-debate-general-del-75-periodo-de-sesiones-onu\/#article","isPartOf":{"@id":"https:\/\/cubausrelations.com\/Blog\/los-temas-mas-mencionados-durante-el-debate-general-del-75-periodo-de-sesiones-onu\/"},"author":{"name":"Arnold August","@id":"https:\/\/cubausrelations.com\/Blog\/#\/schema\/person\/abcedeb68b9ee26f04d3b5c9c5fde504"},"headline":"Los temas m\u00e1s mencionados durante el Debate General del 75 per\u00edodo de sesiones ONU","datePublished":"2021-10-02T16:50:38+00:00","mainEntityOfPage":{"@id":"https:\/\/cubausrelations.com\/Blog\/los-temas-mas-mencionados-durante-el-debate-general-del-75-periodo-de-sesiones-onu\/"},"wordCount":537,"image":{"@id":"https:\/\/cubausrelations.com\/Blog\/los-temas-mas-mencionados-durante-el-debate-general-del-75-periodo-de-sesiones-onu\/#primaryimage"},"thumbnailUrl":"https:\/\/cubausrelations.com\/Blog\/wp-content\/uploads\/2021\/10\/9BABB6F6-BEEC-44F2-A94C-F1F4AC5BA194-189x300.jpeg","articleSection":["Arnold August","CubaUSRelations"],"inLanguage":"en-US"},{"@type":"WebPage","@id":"https:\/\/cubausrelations.com\/Blog\/los-temas-mas-mencionados-durante-el-debate-general-del-75-periodo-de-sesiones-onu\/","url":"https:\/\/cubausrelations.com\/Blog\/los-temas-mas-mencionados-durante-el-debate-general-del-75-periodo-de-sesiones-onu\/","name":"Los temas m\u00e1s mencionados durante el Debate General del 75 per\u00edodo de sesiones ONU -","isPartOf":{"@id":"https:\/\/cubausrelations.com\/Blog\/#website"},"primaryImageOfPage":{"@id":"https:\/\/cubausrelations.com\/Blog\/los-temas-mas-mencionados-durante-el-debate-general-del-75-periodo-de-sesiones-onu\/#primaryimage"},"image":{"@id":"https:\/\/cubausrelations.com\/Blog\/los-temas-mas-mencionados-durante-el-debate-general-del-75-periodo-de-sesiones-onu\/#primaryimage"},"thumbnailUrl":"https:\/\/cubausrelations.com\/Blog\/wp-content\/uploads\/2021\/10\/9BABB6F6-BEEC-44F2-A94C-F1F4AC5BA194-189x300.jpeg","datePublished":"2021-10-02T16:50:38+00:00","author":{"@id":"https:\/\/cubausrelations.com\/Blog\/#\/schema\/person\/abcedeb68b9ee26f04d3b5c9c5fde504"},"breadcrumb":{"@id":"https:\/\/cubausrelations.com\/Blog\/los-temas-mas-mencionados-durante-el-debate-general-del-75-periodo-de-sesiones-onu\/#breadcrumb"},"inLanguage":"en-US","potentialAction":[{"@type":"ReadAction","target":["https:\/\/cubausrelations.com\/Blog\/los-temas-mas-mencionados-durante-el-debate-general-del-75-periodo-de-sesiones-onu\/"]}]},{"@type":"ImageObject","inLanguage":"en-US","@id":"https:\/\/cubausrelations.com\/Blog\/los-temas-mas-mencionados-durante-el-debate-general-del-75-periodo-de-sesiones-onu\/#primaryimage","url":"https:\/\/cubausrelations.com\/Blog\/wp-content\/uploads\/2021\/10\/9BABB6F6-BEEC-44F2-A94C-F1F4AC5BA194.jpeg","contentUrl":"https:\/\/cubausrelations.com\/Blog\/wp-content\/uploads\/2021\/10\/9BABB6F6-BEEC-44F2-A94C-F1F4AC5BA194.jpeg","width":1284,"height":2035},{"@type":"BreadcrumbList","@id":"https:\/\/cubausrelations.com\/Blog\/los-temas-mas-mencionados-durante-el-debate-general-del-75-periodo-de-sesiones-onu\/#breadcrumb","itemListElement":[{"@type":"ListItem","position":1,"name":"Home","item":"https:\/\/cubausrelations.com\/Blog\/"},{"@type":"ListItem","position":2,"name":"Los temas m\u00e1s mencionados durante el Debate General del 75 per\u00edodo de sesiones ONU"}]},{"@type":"WebSite","@id":"https:\/\/cubausrelations.com\/Blog\/#website","url":"https:\/\/cubausrelations.com\/Blog\/","name":"","description":"","potentialAction":[{"@type":"SearchAction","target":{"@type":"EntryPoint","urlTemplate":"https:\/\/cubausrelations.com\/Blog\/?s={search_term_string}"},"query-input":{"@type":"PropertyValueSpecification","valueRequired":true,"valueName":"search_term_string"}}],"inLanguage":"en-US"},{"@type":"Person","@id":"https:\/\/cubausrelations.com\/Blog\/#\/schema\/person\/abcedeb68b9ee26f04d3b5c9c5fde504","name":"Arnold August","image":{"@type":"ImageObject","inLanguage":"en-US","@id":"https:\/\/secure.gravatar.com\/avatar\/8f9dae0d8c49d820d586c1b9d079351778393a6a8b29f8bd48bfcafa55e12996?s=96&d=mm&r=g","url":"https:\/\/secure.gravatar.com\/avatar\/8f9dae0d8c49d820d586c1b9d079351778393a6a8b29f8bd48bfcafa55e12996?s=96&d=mm&r=g","contentUrl":"https:\/\/secure.gravatar.com\/avatar\/8f9dae0d8c49d820d586c1b9d079351778393a6a8b29f8bd48bfcafa55e12996?s=96&d=mm&r=g","caption":"Arnold August"},"sameAs":["http:\/\/cubausrelations.com\/"]}]}},"_links":{"self":[{"href":"https:\/\/cubausrelations.com\/Blog\/wp-json\/wp\/v2\/posts\/861","targetHints":{"allow":["GET"]}}],"collection":[{"href":"https:\/\/cubausrelations.com\/Blog\/wp-json\/wp\/v2\/posts"}],"about":[{"href":"https:\/\/cubausrelations.com\/Blog\/wp-json\/wp\/v2\/types\/post"}],"author":[{"embeddable":true,"href":"https:\/\/cubausrelations.com\/Blog\/wp-json\/wp\/v2\/users\/2"}],"replies":[{"embeddable":true,"href":"https:\/\/cubausrelations.com\/Blog\/wp-json\/wp\/v2\/comments?post=861"}],"version-history":[{"count":1,"href":"https:\/\/cubausrelations.com\/Blog\/wp-json\/wp\/v2\/posts\/861\/revisions"}],"predecessor-version":[{"id":863,"href":"https:\/\/cubausrelations.com\/Blog\/wp-json\/wp\/v2\/posts\/861\/revisions\/863"}],"wp:attachment":[{"href":"https:\/\/cubausrelations.com\/Blog\/wp-json\/wp\/v2\/media?parent=861"}],"wp:term":[{"taxonomy":"category","embeddable":true,"href":"https:\/\/cubausrelations.com\/Blog\/wp-json\/wp\/v2\/categories?post=861"},{"taxonomy":"post_tag","embeddable":true,"href":"https:\/\/cubausrelations.com\/Blog\/wp-json\/wp\/v2\/tags?post=861"}],"curies":[{"name":"wp","href":"https:\/\/api.w.org\/{rel}","templated":true}]}}